{"id":6469,"date":"2019-06-11T10:28:50","date_gmt":"2019-06-11T08:28:50","guid":{"rendered":"http:\/\/www.adp.fdv.uni-lj.si\/blog\/?p=6469"},"modified":"2020-08-21T15:26:24","modified_gmt":"2020-08-21T13:26:24","slug":"konferenca-odprta-znanost-2019","status":"publish","type":"post","link":"https:\/\/www.adp.fdv.uni-lj.si\/blog\/2019\/06\/11\/konferenca-odprta-znanost-2019\/","title":{"rendered":"Konferenca: Odprta znanost 2019"},"content":{"rendered":"<p>V okviru <strong>sejma akademske knjige Liber.ac 2019<\/strong> je na Filozofski fakulteti v Ljubljani, 22. maja 2019, potekala konferenca <a href=\"https:\/\/liberac.ff.uni-lj.si\/konferenca-odprta-znanost\/\" target=\"_blank\" rel=\"noopener noreferrer\">Odprta znanost<\/a>. Organizirala sta jo rektorat Univerze v Ljubljani (v okviru projekta OpenAIRE-Advance) in <a href=\"http:\/\/www.ff.uni-lj.si\/knjige\/Znanstvena_zalozba_FF\" target=\"_blank\" rel=\"noopener noreferrer\">Znanstvena zalo\u017eba Filozofske fakultete Univerze v Ljubljani<\/a>.<\/p>\n<p>Predavalnico Filozofske fakultete so zapolnili raziskovalci, knji\u017eni\u010darji, podatkovni znanstveniki, zalo\u017eniki in vsi, ki jih tematika zanima. Za \u0161tevilne druge, ki se delavnice niso uspeli udele\u017eiti v \u017eivo, so organizatorji zagotovili neposredni video prenos dogajanja.<\/p>\n<p>Dogodek sta otvorila <strong>dr.<\/strong> <strong>Roman Kuhar<\/strong>, dekan Filozofske fakultete Univerze v Ljubljani, ki pravi, da mora <em>znanost slu\u017eiti \u010dlove\u0161tvu, ne profitu<\/em>, in <strong>dr. Zoran Stan\u010di\u010d<\/strong>, vodja Predstavni\u0161tva Evropske komisije v Republiki Sloveniji, ki opozarja na velike spremembe, ki se v zadnjem \u010dasu dogajajo v znanosti, zlasti na podro\u010dju odprtega dostopa. Po statisti\u010dnih podatkih namre\u010d zaostajamo za povpre\u010djem EU glede mednarodno citiranih objav. Podatki za Slovenijo sicer ka\u017eejo, da je glede na indekse inovacij Slovenija dokaj napredna, vendar je porast zmerna. Opozoril je na to, da bi morale univerze pri oblikovanju svojih politik in dokumentov upo\u0161tevati princip odprte znanosti ter v skladu s tem spremeniti na\u010din delovanja. Opozarja \u0161e na neu\u010dinkovitost finan\u010dnih vlaganj v raziskave in inovacije. Pri tem poudarja, da je pomembneje odgovoriti na vpra\u0161anje \u00bbkako\u00ab in ne \u00bbkoliko\u00ab. Dodatno je vlado spodbudil k ve\u010djemu vlo\u017eku v mlade kadre.<\/p>\n<p><strong>Dr. Toma\u017e Boh<\/strong>, generalni direktor Direktorata za znanost na Ministrstvu za izobra\u017eevanje, znanost in \u0161port omenja <a href=\"http:\/\/www.mizs.gov.si\/fileadmin\/mizs.gov.si\/pageuploads\/Znanost\/doc\/Zakonodaja\/Strategije\/Nacionalna_strategija_odprtega_dostopa.pdf\" target=\"_blank\" rel=\"noopener noreferrer\">nacionalno strategijo odprtega dostopa znanstvenih objav in raziskovalnih podatkov<\/a> in s tem povezan <a href=\"http:\/\/www.mizs.gov.si\/fileadmin\/mizs.gov.si\/pageuploads\/Znanost\/doc\/Odprti_dostop\/Akcijski_nacrt_-_POTRJENA_VERZIJA.pdf\" target=\"_blank\" rel=\"noopener noreferrer\">akcijski na\u010drt.<\/a> Ministrstvo se zaveda, da bo odprta znanost vodila v spremembe v politikah in vplivala na uporabo raziskovalnih rezultatov, ki bodo tako bolj dostopni. Slovenija mo\u010dno podpira procese odprte znanosti.<\/p>\n<p>Nagovoru <strong>dr. Boha<\/strong> je sledil prvi dalj\u0161i prispevek <strong>ddr. Ren\u00e9ja von Schomberga<\/strong>, ki nam je predstavil stali\u0161\u010de odprte znanost s strani Evropske komisije. Po njegovih besedah bo odprta znanost naredila znanost bolj u\u010dinkovito, bolj zanesljivo in bolj odzivno na spremembe in zahteve v dru\u017ebi ter omogo\u010dila izogib podvajanju znanstvenih del. Raziskovalce bo potrebno spodbuditi k deljenju podatkov in jim ponuditi dolo\u010deno nadomestilo. To se bo razlikovalo od discipline do discipline. Opozarja, da dokler bomo raziskovalce ocenjevali samo po \u0161tevilu \u00bbpravilnih\u00ab objav, bo to te\u017eko spremeniti. V nadaljnji razpravi je bila omenjena mo\u017enost preu\u010ditve alternativne matrike merjenja faktorja vpliva in tudi nujnost vzpostavitve infrastrukture, ki bo omogo\u010dala odprti dostop.<\/p>\n<figure id=\"attachment_6470\" aria-describedby=\"caption-attachment-6470\" style=\"width: 295px\" class=\"wp-caption alignright\"><img loading=\"lazy\" decoding=\"async\" class=\" wp-image-6470\" src=\"http:\/\/www.adp.fdv.uni-lj.si\/blog\/wp-content\/uploads\/2019\/06\/slika1_blog-300x225.jpg\" alt=\"\" width=\"295\" height=\"221\" srcset=\"https:\/\/www.adp.fdv.uni-lj.si\/blog\/wp-content\/uploads\/2019\/06\/slika1_blog-300x225.jpg 300w, https:\/\/www.adp.fdv.uni-lj.si\/blog\/wp-content\/uploads\/2019\/06\/slika1_blog.jpg 640w\" sizes=\"auto, (max-width: 295px) 100vw, 295px\" \/><figcaption id=\"caption-attachment-6470\" class=\"wp-caption-text\">Ddr. Ren\u00e9 von Schomberg (Foto: Irena Vipavc Brvar)<\/figcaption><\/figure>\n<p><strong>Dr.<\/strong><strong> J\u00f3zsef Gy\u00f6rk\u00f6s<\/strong>, direktor Javne agencije za raziskovalno dejavnost RS je predstavil<strong> dr. Davida Sweeneya<\/strong>, \u010dlana izvr\u0161ne skupine <a href=\"https:\/\/www.coalition-s.org\/\" target=\"_blank\" rel=\"noopener noreferrer\">Na\u010drta S<\/a> pri <a href=\"https:\/\/www.scienceeurope.org\/\" target=\"_blank\" rel=\"noopener noreferrer\">Science Europe<\/a>, katerega predstavitev je bila razprava na temo, ali naj bodo akademski zalo\u017eniki zavezani izdajanju v odprtem dostopu. Z odprtjem dostopa do revij \u017eelijo spodbuditi vpogled \u0161ir\u0161e skupnosti v raziskovalne rezultate. Sweeney priznava, da so pogajanja s posameznimi zalo\u017eniki, kljub priporo\u010dilom Evropske komisije, nekoliko zahtevnej\u0161i, vendar je mnenja, da se bo to sedaj s podporo, ki jo dobiva Na\u010drt S, spremenilo. Cilj je dose\u010di, da bodo avtorji za svojo objavo obdr\u017eali avtorske pravice brez kakr\u0161nikoli omejitev.<\/p>\n<p>Drugi del konference je pri\u010del<strong> dr. Branimir L. Lesko\u0161ek<\/strong><strong>, <\/strong>ki je kot predstavnik <a href=\"https:\/\/elixir-europe.org\/about-us\/who-we-are\/nodes\/slovenia\" target=\"_blank\" rel=\"noopener noreferrer\">ELIXIR Slovenija<\/a> predstavil njihovo dejavnost. ELIXIR se kot pomemben partner vklju\u010duje v <a href=\"https:\/\/www.rd-alliance.org\/groups\/rda-slovenia\" target=\"_blank\" rel=\"noopener noreferrer\">RDA vozli\u0161\u010de Slovenija<\/a>, ki ga koordiniramo v <a href=\"https:\/\/www.adp.fdv.uni-lj.si\/\" target=\"_blank\" rel=\"noopener noreferrer\">Arhivu dru\u017eboslovnih podatkov<\/a><strong>. \u00a0<\/strong><\/p>\n<p><strong>Sledilo je predavanje <\/strong><strong>dr.<\/strong> <strong>Ingrid Dillo<\/strong>, namestnice direktorja Nizozemskega ponudnika storitev <a href=\"http:\/\/www.cessda.eu\/\" target=\"_blank\" rel=\"noopener noreferrer\">CESSDA<\/a> \u2013 <a href=\"https:\/\/dans.knaw.nl\/\" target=\"_blank\" rel=\"noopener noreferrer\">DANS<\/a> (Data Archiving and Networked Services) in koordinatorice projekta <a href=\"https:\/\/www.fairsfair.eu\/\" target=\"_blank\" rel=\"noopener noreferrer\">FAIRsFAIR.<\/a> Predavateljica se v tem kontekstu spra\u0161uje, ali je deljenje raziskovalnih podatkov res pravljica (<em>angl. FAIRytale<\/em>). Po statistikah naj bi pribli\u017eno 1\/3 raziskovalcev \u0161e vedno ne bila pripravljena deliti svojih podatkov. \u200fDr. Dillo je tudi podpornica izobra\u017eevanja mladih raziskovalcev v smeri priprave Na\u010drta ravnanja z raziskovalnimi podatki in deljenja podatkov. Pri tem raziskovalce \u0161e posebej nagovarja, naj bodo pazljivi na to, kje bodo raziskovalne podatke objavili. Spodbuja k objavi v zaupanja vrednih repozitorijih (npr. tistimi s <a href=\"https:\/\/www.coretrustseal.org\/\" target=\"_blank\" rel=\"noopener noreferrer\">Core Trust Seal certifikatom<\/a>, ki ga ima tudi ADP). DANS namre\u010d deluje kot zaledna pisarna, ki izobra\u017euje in nudi stalno podporo knji\u017eni\u010darjem, ki so prva kontaktna to\u010dka raziskovalcev z odprtim dostopom. Omenjala je tudi skupnost Research Data Alliance, v katere aktivno slovensko vozli\u0161\u010de so bili povabljeni vsi predavatelji in slu\u0161atelji.<\/p>\n<p>V razpravi smo omenili, da je Slovenija edina dr\u017eava <a href=\"https:\/\/www.cessda.eu\/\" target=\"_blank\" rel=\"noopener noreferrer\">CESSDA arhivov<\/a>, ki podeljuje znanstvene to\u010dke za kakovostne raziskovalne podatke, ki so na razpolago raziskovalcem v Arhivu dru\u017eboslovnih podatkov, kar deluje kot dodatna spodbuda za deljenje podatkov.<\/p>\n<p>Zadnje predavanje je moderiral <strong>Peter Sterle<\/strong> z Direktorata za znanost na MIZ\u0160, kot predstavnik Slovenije v Upravnem odboru <a href=\"https:\/\/eosc-portal.eu\/\" target=\"_blank\" rel=\"noopener noreferrer\">Evropskega oblaka odprte znanosti<\/a>. K prispevku je povabil d<strong>r.<\/strong><strong> Juana Bicarreguija<\/strong>, \u010dlana izvr\u0161nega odbora Evropskega oblaka odprte znanosti, ki je storitev predstavil. Oblak bo seveda koristen le, v kolikor bomo v njem objavljali vsebine in jih tudi uporabljali. Skupnost RDA Evropa so ga prepoznali kot pomembno infrastrukturo, ki bo vodila standardizacijo v razli\u010dnih disciplinah. Cilj oblaka je ponuditi brezhibne storitve svojim uporabnikom.<\/p>\n<p>Na konferenci so bili zastopani \u0161tevilni vidiki pomena odprte znanosti za raziskovalno skupnost in \u0161ir\u0161e. Cilj je dodatno okrepiti to podro\u010dje in javnosti vra\u010dati rezultate.<\/p>\n<p>Predavanja so dostopna na <a href=\"https:\/\/liberac.ff.uni-lj.si\/konferenca-odprta-znanost\/\" target=\"_blank\" rel=\"noopener noreferrer\">spletni strani konference<\/a>.<\/p>\n<p>Dodatne vsebine so na voljo na spodnjih povezavah:<\/p>\n<ul>\n<li><a href=\"https:\/\/www.uni-lj.si\/research_and_development\/open_science\/\" target=\"_blank\" rel=\"noopener noreferrer\">Odprta znanost v Evropskem raziskovalnem prostoru<\/a><\/li>\n<li><a href=\"https:\/\/www.coalition-s.org\/principles-and-implementation\/\" target=\"_blank\" rel=\"noopener noreferrer\">Na\u010drt S<\/a><\/li>\n<li><a href=\"https:\/\/zenodo.org\/record\/2668479#.XP9WhhYzaUm\" target=\"_blank\" rel=\"noopener noreferrer\">FAIR in upravljanje z raziskovalnimi podatki oziroma odprti raziskovalni podatki<\/a><\/li>\n<li><a href=\"https:\/\/eosc-portal.eu\/news\/eosc-strategic-implementation-roadmap-briefing-resources-available\" target=\"_blank\" rel=\"noopener noreferrer\">Evropski oblak odprte znanosti in evropske e-infrastrukture<\/a><\/li>\n<\/ul>\n","protected":false},"excerpt":{"rendered":"<p>V okviru sejma akademske knjige Liber.ac 2019 je na Filozofski fakulteti v Ljubljani potekala konferenca Odprta znanost. Organizirala sta jo rektorat Univerze v Ljubljani (v okviru projekta OpenAIRE-Advance) in Znanstvena zalo\u017eba Filozofske fakultete Univerze v Ljubljani. Ve\u010d o vsebini na blogu!<\/p>\n","protected":false},"author":1,"featured_media":2580,"comment_status":"open","ping_status":"open","sticky":false,"template":"","format":"standard","meta":{"_monsterinsights_skip_tracking":false,"_monsterinsights_sitenote_active":false,"_monsterinsights_sitenote_note":"","_monsterinsights_sitenote_category":0,"footnotes":""},"categories":[15,192],"tags":[221,87,10,58,13],"class_list":["post-6469","post","type-post","status-publish","format-standard","has-post-thumbnail","hentry","category-blog","category-stroka","tag-nacrt-s","tag-nacrtovanje-ravnanja-z-raziskovalnimi-podatki","tag-odprta-znanost","tag-odprti-dostop","tag-odprti-podatki"],"aioseo_notices":[],"_links":{"self":[{"href":"https:\/\/www.adp.fdv.uni-lj.si\/blog\/wp-json\/wp\/v2\/posts\/6469","targetHints":{"allow":["GET"]}}],"collection":[{"href":"https:\/\/www.adp.fdv.uni-lj.si\/blog\/wp-json\/wp\/v2\/posts"}],"about":[{"href":"https:\/\/www.adp.fdv.uni-lj.si\/blog\/wp-json\/wp\/v2\/types\/post"}],"author":[{"embeddable":true,"href":"https:\/\/www.adp.fdv.uni-lj.si\/blog\/wp-json\/wp\/v2\/users\/1"}],"replies":[{"embeddable":true,"href":"https:\/\/www.adp.fdv.uni-lj.si\/blog\/wp-json\/wp\/v2\/comments?post=6469"}],"version-history":[{"count":7,"href":"https:\/\/www.adp.fdv.uni-lj.si\/blog\/wp-json\/wp\/v2\/posts\/6469\/revisions"}],"predecessor-version":[{"id":6477,"href":"https:\/\/www.adp.fdv.uni-lj.si\/blog\/wp-json\/wp\/v2\/posts\/6469\/revisions\/6477"}],"wp:featuredmedia":[{"embeddable":true,"href":"https:\/\/www.adp.fdv.uni-lj.si\/blog\/wp-json\/wp\/v2\/media\/2580"}],"wp:attachment":[{"href":"https:\/\/www.adp.fdv.uni-lj.si\/blog\/wp-json\/wp\/v2\/media?parent=6469"}],"wp:term":[{"taxonomy":"category","embeddable":true,"href":"https:\/\/www.adp.fdv.uni-lj.si\/blog\/wp-json\/wp\/v2\/categories?post=6469"},{"taxonomy":"post_tag","embeddable":true,"href":"https:\/\/www.adp.fdv.uni-lj.si\/blog\/wp-json\/wp\/v2\/tags?post=6469"}],"curies":[{"name":"wp","href":"https:\/\/api.w.org\/{rel}","templated":true}]}}