{"id":3437,"date":"2014-05-29T13:20:55","date_gmt":"2014-05-29T11:20:55","guid":{"rendered":"http:\/\/www.adp.fdv.uni-lj.si\/blog\/?p=3437"},"modified":"2014-06-10T11:01:02","modified_gmt":"2014-06-10T09:01:02","slug":"zakljucek-delavnic-uporaba-mikropodatkov-ankete-o-delovni-sili-v-studijske-namene-za-studijsko-leto-20132014","status":"publish","type":"post","link":"https:\/\/www.adp.fdv.uni-lj.si\/blog\/2014\/05\/29\/zakljucek-delavnic-uporaba-mikropodatkov-ankete-o-delovni-sili-v-studijske-namene-za-studijsko-leto-20132014\/","title":{"rendered":"Zaklju\u010dek delavnic Uporaba mikropodatkov Ankete o delovni sili v \u0161tudijske namene"},"content":{"rendered":"<p>S predavanjem na Fakulteti za dru\u017ebene vede pri predmetu Trg delovne sile in zaposlovanje (doc. dr. Miroljub Ignjatovi\u0107) so se za \u0161tudijsko leto 2013\/2014 zaklju\u010dile delavnice Uporaba mikropodatkov Ankete o delovni sili v \u0161tudijske namene. Organizirane so bile v sklopu sodelovanja med Arhivom dru\u017eboslovnih podatkov (ADP) in Statisti\u010dnim uradom Republike Slovenije (SURS).<\/p>\n<p><img loading=\"lazy\" decoding=\"async\" class=\"alignright size-medium wp-image-3438\" src=\"http:\/\/www.adp.fdv.uni-lj.si\/blog\/wp-content\/uploads\/2014\/05\/Logo-Blog-300x204.png\" alt=\"\" width=\"300\" height=\"204\" srcset=\"https:\/\/www.adp.fdv.uni-lj.si\/blog\/wp-content\/uploads\/2014\/05\/Logo-Blog-300x204.png 300w, https:\/\/www.adp.fdv.uni-lj.si\/blog\/wp-content\/uploads\/2014\/05\/Logo-Blog.png 618w\" sizes=\"auto, (max-width: 300px) 100vw, 300px\" \/><\/p>\n<p>Na kraj\u0161i delavnici so predavatelji doc. dr. Janez \u0160tebe (ADP), Irena Svetin (SURS) in Sebastian Ko\u010dar (ADP) predstavili mo\u017enosti uporabe sekundarnih podatkov pri pisanju seminarskih, diplomskih in magistrskih nalog, raziskovanje Ankete o delovni sili z vsebinskega vidika ter podatkovne vire, ki jih distribuira ADP in jih \u0161tudenti kadrovskega mened\u017ementa lahko uporabljajo pri raziskovanju v sklopu \u0161tudija. Poseben poudarek je bil namenjen dostopu do mikropodatkov Ankete o delovni sili 2010 PUF (\u00bbPublic Use File\u00ab, anonimizirani podatki), skrbno pripravljenih za dodiplomske in podiplomske \u0161tudente, ki jih zanima prou\u010devanje trga dela.<\/p>\n<p>V drugem semestru \u0161tudijskega leta 2013\/2014 smo izvedli tri tovrstne delavnice. V februarju 2014 smo organizirali delavnico za visoko\u0161olske predavatelje z razli\u010dnih slovenskih fakultet. V aprilu 2014 pa delavnico za \u0161tudente Fakultete za organizacijske vede Univerze v Mariboru.<\/p>\n<p>V \u0161tudijskem letu 2014\/2015 se bo sodelovanje med SURS in ADP nadaljevalo z novimi delavnicami za tako predavatelje kot tudi \u0161tudente, pri \u010demer je v na\u010drtu tudi predstavitev mo\u017enosti vklju\u010ditve podatkov Registrskega popisa 2011 v \u0161tudijski proces slovenskih visoko\u0161olskih zavodov.<\/p>\n","protected":false},"excerpt":{"rendered":"<p>S predavanjem na Fakulteti za dru\u017ebene vede pri predmetu Trg delovne sile in zaposlovanje (doc. dr. Miroljub Ignjatovi\u0107) so se za \u0161tudijsko leto 2013\/2014 zaklju\u010dile delavnice Uporaba mikropodatkov Ankete o delovni sili v \u0161tudijske namene. [&hellip;]<\/p>\n","protected":false},"author":22,"featured_media":3438,"comment_status":"open","ping_status":"open","sticky":false,"template":"","format":"standard","meta":{"_monsterinsights_skip_tracking":false,"_monsterinsights_sitenote_active":false,"_monsterinsights_sitenote_note":"","_monsterinsights_sitenote_category":0,"footnotes":""},"categories":[15],"tags":[],"class_list":["post-3437","post","type-post","status-publish","format-standard","has-post-thumbnail","hentry","category-blog"],"aioseo_notices":[],"_links":{"self":[{"href":"https:\/\/www.adp.fdv.uni-lj.si\/blog\/wp-json\/wp\/v2\/posts\/3437","targetHints":{"allow":["GET"]}}],"collection":[{"href":"https:\/\/www.adp.fdv.uni-lj.si\/blog\/wp-json\/wp\/v2\/posts"}],"about":[{"href":"https:\/\/www.adp.fdv.uni-lj.si\/blog\/wp-json\/wp\/v2\/types\/post"}],"author":[{"embeddable":true,"href":"https:\/\/www.adp.fdv.uni-lj.si\/blog\/wp-json\/wp\/v2\/users\/22"}],"replies":[{"embeddable":true,"href":"https:\/\/www.adp.fdv.uni-lj.si\/blog\/wp-json\/wp\/v2\/comments?post=3437"}],"version-history":[{"count":15,"href":"https:\/\/www.adp.fdv.uni-lj.si\/blog\/wp-json\/wp\/v2\/posts\/3437\/revisions"}],"predecessor-version":[{"id":3455,"href":"https:\/\/www.adp.fdv.uni-lj.si\/blog\/wp-json\/wp\/v2\/posts\/3437\/revisions\/3455"}],"wp:featuredmedia":[{"embeddable":true,"href":"https:\/\/www.adp.fdv.uni-lj.si\/blog\/wp-json\/wp\/v2\/media\/3438"}],"wp:attachment":[{"href":"https:\/\/www.adp.fdv.uni-lj.si\/blog\/wp-json\/wp\/v2\/media?parent=3437"}],"wp:term":[{"taxonomy":"category","embeddable":true,"href":"https:\/\/www.adp.fdv.uni-lj.si\/blog\/wp-json\/wp\/v2\/categories?post=3437"},{"taxonomy":"post_tag","embeddable":true,"href":"https:\/\/www.adp.fdv.uni-lj.si\/blog\/wp-json\/wp\/v2\/tags?post=3437"}],"curies":[{"name":"wp","href":"https:\/\/api.w.org\/{rel}","templated":true}]}}